{"id":12911,"date":"2024-07-25T10:43:44","date_gmt":"2024-07-25T08:43:44","guid":{"rendered":"https:\/\/indus1978.com\/?p=12911"},"modified":"2024-07-23T10:45:03","modified_gmt":"2024-07-23T08:45:03","slug":"comment-choisir-les-dimensions-de-son-etagere-en-chene-massif","status":"publish","type":"post","link":"https:\/\/indus1978.com\/de\/decoration-interieure\/comment-choisir-les-dimensions-de-son-etagere-en-chene-massif\/","title":{"rendered":"Comment choisir les dimensions de son \u00e9tag\u00e8re en ch\u00eane massif ?"},"content":{"rendered":"<p><span style=\"font-weight: 400\">Choisir les bonnes dimensions pour une \u00e9tag\u00e8re en ch\u00eane massif est crucial pour optimiser l&#8217;espace et garantir la fonctionnalit\u00e9 de votre meuble. Que vous souhaitiez organiser des livres, exposer des objets d\u00e9coratifs ou simplement ajouter une touche \u00e9l\u00e9gante \u00e0 votre int\u00e9rieur, il est important de consid\u00e9rer plusieurs facteurs. La taille de la pi\u00e8ce, l&#8217;usage pr\u00e9vu de l&#8217;\u00e9tag\u00e8re et l&#8217;esth\u00e9tique g\u00e9n\u00e9rale sont autant de crit\u00e8res \u00e0 prendre en compte. Dans cet article, nous vous guiderons \u00e0 travers les \u00e9tapes pour choisir les dimensions id\u00e9ales de votre \u00e9tag\u00e8re en ch\u00eane massif et vous montrerons pourquoi ce mat\u00e9riau est un excellent choix.<\/span><\/p>\n<p><span style=\"font-weight: 400\">D\u00e9couvrez comment d\u00e9terminer la taille parfaite de votre \u00e9tag\u00e8re en ch\u00eane massif et pourquoi opter pour ce mat\u00e9riau noble.<\/span><\/p>\n<h2><b>Nos conseils pour choisir les dimensions de son \u00e9tag\u00e8re en ch\u00eane massif<\/b><\/h2>\n<p><span style=\"font-weight: 400\">Vous ne savez pas comment choisir les dimensions de votre \u00e9tag\u00e8re en ch\u00eane massif ? Voici quels conseils nous pouvons vous donner afin d\u2019assurer un achat satisfaisant et une installation qui l\u2019est tout autant. Avant toute chose, commencez par mesurer l&#8217;espace o\u00f9 vous souhaitez l\u2019installer en vous assurant de prendre en compte toutes les dimensions n\u00e9cessaires : la hauteur, la largeur et la profondeur.<\/span><\/p>\n<ul>\n<li style=\"font-weight: 400\"><b>La hauteur <\/b><span style=\"font-weight: 400\">d\u00e9pendra de ce que vous souhaitez y ranger : des livres, des objets d\u00e9coratifs ou des appareils \u00e9lectroniques. Une \u00e9tag\u00e8re plus haute est id\u00e9ale pour un rangement vari\u00e9, tandis qu&#8217;une \u00e9tag\u00e8re basse convient mieux aux objets plus petits.<\/span><\/li>\n<\/ul>\n<p><i><span style=\"font-weight: 400\">La hauteur est \u00e0 prendre en compte dans le cas o\u00f9 vous souhaitez en installer plusieurs les unes au-dessus des autres, ou si d\u2019autres \u00e9l\u00e9ments environnants peuvent bloquer !<\/span><\/i><\/p>\n<ul>\n<li style=\"font-weight: 400\"><b>La largeur <\/b><span style=\"font-weight: 400\">de l&#8217;\u00e9tag\u00e8re doit correspondre \u00e0 la longueur du mur ou \u00e0 l&#8217;espace allou\u00e9. Une \u00e9tag\u00e8re trop large risque de surcharger la pi\u00e8ce, tandis qu&#8217;une \u00e9tag\u00e8re trop \u00e9troite ne maximisera pas l&#8217;espace disponible ;<\/span><\/li>\n<\/ul>\n<ul>\n<li style=\"font-weight: 400\"><b>La profondeur<\/b><span style=\"font-weight: 400\"> doit \u00e9galement \u00eatre mesur\u00e9e selon vos attentes en termes esth\u00e9tiques et d\u00e9coratifs. Une \u00e9tag\u00e8re plus profonde est parfaite pour les objets volumineux, mais elle ne doit pas empi\u00e9ter sur l&#8217;espace de circulation.<\/span><\/li>\n<\/ul>\n<p><i><span style=\"font-weight: 400\">Il est \u00e9galement important de consid\u00e9rer le poids des objets que vous pr\u00e9voyez de ranger. Les \u00e9tag\u00e8res en ch\u00eane massif sont robustes, mais il est essentiel de choisir des dimensions qui assureront la stabilit\u00e9 et la durabilit\u00e9 de votre meuble.<\/span><\/i><\/p>\n<h2><b>Peut-on demander une \u00e9tag\u00e8re en ch\u00eane massif sur-mesure ?<\/b><\/h2>\n<p><b>Oui,<\/b><span style=\"font-weight: 400\"> il est tout \u00e0 fait possible de demander une \u00e9tag\u00e8re en ch\u00eane massif sur-mesure. Cette option pr\u00e9sente de nombreux avantages, notamment la possibilit\u00e9 de cr\u00e9er une pi\u00e8ce unique qui s\u2019adapte parfaitement \u00e0 votre espace et \u00e0 vos besoins. C\u2019est un service de personnalisation qui vous est propos\u00e9 par notre atelier pour optimiser au maximum l&#8217;utilisation de l&#8217;espace disponible. Exploitez autant que possible tous les espaces souvent n\u00e9glig\u00e9s mais qui s\u2019av\u00e8rent \u00eatre tr\u00e8s pratiques !<\/span><\/p>\n<p><i><span style=\"font-weight: 400\">Ne laissez pas l\u2019espace au-dessus de votre radiateur inutilis\u00e9 !<\/span><\/i><\/p>\n<p><span style=\"font-weight: 400\">Aussi, nous vous donnons la possibilit\u00e9 de personnaliser les finitions en vous proposant une teinte de cire couleur vieux pin.<\/span><\/p>\n<h2><b>Quels sont les avantages du ch\u00eane massif ?<\/b><\/h2>\n<p><span style=\"font-weight: 400\">Le ch\u00eane massif pr\u00e9sente de nombreux avantages qui en font un mat\u00e9riau de choix pour la cr\u00e9ation et l\u2019installation d\u2019\u00e9tag\u00e8res et autres meubles. D\u00e9couvrons-les ensemble !<\/span><\/p>\n<h3><b>1. La durabilit\u00e9<\/b><\/h3>\n<p><span style=\"font-weight: 400\">La durabilit\u00e9 du ch\u00eane massif n\u2019est plus \u00e0 prouver. Eh oui, contrairement \u00e0 d&#8217;autres types de bois ou de mat\u00e9riaux composites, celui-ci r\u00e9siste bien \u00e0 l&#8217;usure, aux chocs et aux rayures ; c\u2019est alli\u00e9 de taille contre les effets du temps. Une \u00e9tag\u00e8re en ch\u00eane massif peut durer des ann\u00e9es, voire des g\u00e9n\u00e9rations, avec un entretien minimal.<\/span><\/p>\n<h3><b>2. L\u2019esth\u00e9tique<\/b><\/h3>\n<p><span style=\"font-weight: 400\">L\u2019esth\u00e9tique d\u2019une \u00e9tag\u00e8re en ch\u00eane massif est particuli\u00e8rement reconnue. Les veines et les n\u0153uds uniques que l\u2019on conf\u00e8rent \u00e0 ce bois ajoutent du caract\u00e8re \u00e0 n&#8217;importe quelle pi\u00e8ce. Aussi, le ch\u00eane se pr\u00eate bien \u00e0 diff\u00e9rentes finitions, que ce soit teint\u00e9, verni ou laiss\u00e9 brut, ce qui permet de s\u2019adapter \u00e0 tous les styles de d\u00e9coration.<\/span><\/p>\n<h3><b>3. La polyvalence<\/b><\/h3>\n<p><span style=\"font-weight: 400\">La polyvalence des \u00e9tag\u00e8res en ch\u00eane massif permet de pouvoir les installer dans le salon, dans la cuisine, dans la salle de bains ou dans le bureau, qu\u2019importe. Leur aspect intemporel et \u00e9l\u00e9gant les rend polyvalentes et adapt\u00e9es \u00e0 diff\u00e9rents usages, qu&#8217;il s&#8217;agisse de ranger des livres, des objets d\u00e9coratifs ou des ustensiles de cuisine.<\/span><\/p>\n<h3><b>5. L\u2019aspect \u00e9cologique<\/b><\/h3>\n<p><span style=\"font-weight: 400\">L\u2019aspect \u00e9cologique de nos \u00e9tag\u00e8res en font des \u00e9l\u00e9ments d\u00e9coratifs tr\u00e8s pris\u00e9s. En effet, optez pour un mat\u00e9riau naturel et renouvelable, b\u00e9n\u00e9fique pour l&#8217;environnement ! De plus, la durabilit\u00e9 du ch\u00eane r\u00e9duit la n\u00e9cessit\u00e9 de remplacer les meubles fr\u00e9quemment, contribuant ainsi \u00e0 la r\u00e9duction des d\u00e9chets et \u00e0 la pr\u00e9servation de votre porte-monnaie.<\/span><\/p>\n<p><span style=\"font-weight: 400\">D\u00e9sormais, c\u2019est \u00e0 votre tour de commander notre<\/span><a href=\"https:\/\/indus1978.com\/de\/product-category\/etagere\/etagere-chene-massif-live-edge-etagere\/\"> <span style=\"font-weight: 400\">\u00e9tag\u00e8re en ch\u00eane massif<\/span><\/a><span style=\"font-weight: 400\"> et d\u2019en faire un \u00e9l\u00e9ment central de votre d\u00e9coration ! Rendez-vous sur notre boutique en ligne artisanale.<\/span><\/p>","protected":false},"excerpt":{"rendered":"<p>Choisir les bonnes dimensions pour une \u00e9tag\u00e8re en ch\u00eane massif est crucial pour optimiser l&#8217;espace et garantir la fonctionnalit\u00e9 de votre meuble. Que vous souhaitiez organiser des livres, exposer des objets d\u00e9coratifs ou simplement ajouter une touche \u00e9l\u00e9gante \u00e0 votre int\u00e9rieur, il est important de consid\u00e9rer plusieurs facteurs. La taille de la pi\u00e8ce, l&#8217;usage pr\u00e9vu [&hellip;]<\/p>\n","protected":false},"author":3,"featured_media":12366,"comment_status":"open","ping_status":"closed","sticky":false,"template":"","format":"standard","meta":{"_acf_changed":false,"footnotes":""},"categories":[826],"tags":[],"class_list":["post-12911","post","type-post","status-publish","format-standard","has-post-thumbnail","hentry","category-decoration-interieure"],"acf":[],"_links":{"self":[{"href":"https:\/\/indus1978.com\/de\/wp-json\/wp\/v2\/posts\/12911","targetHints":{"allow":["GET"]}}],"collection":[{"href":"https:\/\/indus1978.com\/de\/wp-json\/wp\/v2\/posts"}],"about":[{"href":"https:\/\/indus1978.com\/de\/wp-json\/wp\/v2\/types\/post"}],"author":[{"embeddable":true,"href":"https:\/\/indus1978.com\/de\/wp-json\/wp\/v2\/users\/3"}],"replies":[{"embeddable":true,"href":"https:\/\/indus1978.com\/de\/wp-json\/wp\/v2\/comments?post=12911"}],"version-history":[{"count":1,"href":"https:\/\/indus1978.com\/de\/wp-json\/wp\/v2\/posts\/12911\/revisions"}],"predecessor-version":[{"id":12912,"href":"https:\/\/indus1978.com\/de\/wp-json\/wp\/v2\/posts\/12911\/revisions\/12912"}],"wp:featuredmedia":[{"embeddable":true,"href":"https:\/\/indus1978.com\/de\/wp-json\/wp\/v2\/media\/12366"}],"wp:attachment":[{"href":"https:\/\/indus1978.com\/de\/wp-json\/wp\/v2\/media?parent=12911"}],"wp:term":[{"taxonomy":"category","embeddable":true,"href":"https:\/\/indus1978.com\/de\/wp-json\/wp\/v2\/categories?post=12911"},{"taxonomy":"post_tag","embeddable":true,"href":"https:\/\/indus1978.com\/de\/wp-json\/wp\/v2\/tags?post=12911"}],"curies":[{"name":"wp","href":"https:\/\/api.w.org\/{rel}","templated":true}]}}