{"id":11163,"date":"2022-12-13T21:14:11","date_gmt":"2022-12-13T20:14:11","guid":{"rendered":"https:\/\/indus1978.com\/?p=11163"},"modified":"2022-12-13T21:14:11","modified_gmt":"2022-12-13T20:14:11","slug":"comment-suspendre-une-etagere-au-plafond","status":"publish","type":"post","link":"https:\/\/indus1978.com\/de\/decoration-interieure\/comment-suspendre-une-etagere-au-plafond\/","title":{"rendered":"Comment suspendre une \u00e9tag\u00e8re au plafond ?"},"content":{"rendered":"<p>Chez Indus 1978, nous vous proposons diff\u00e9rents types de mobilier pour apporter \u00e0 votre int\u00e9rieur<strong> une touche chaleureuse et moderne. Toutes les cr\u00e9ations sont authentiques, faites \u00e0 la main, pour un rendu de qualit\u00e9 non n\u00e9gligeable.<\/strong> Tous les foyers \u00e0 la recherche d\u2019une \u00e9tag\u00e8re suspendue au plafond peuvent trouver leur bonheur sur notre boutique en ligne. <strong>Mais savez-vous comment la fixer ?<\/strong><\/p>\n<h2><strong>Etag\u00e8re suspendue au plafond : pourquoi l\u2019acheter chez Indus 1978 ?<\/strong><\/h2>\n<p>Une <a href=\"https:\/\/indus1978.com\/de\/etagere\/etagere-style-industriel\/etagere-suspendue-au-plafond-pour-plantes-dinterieur\/\" target=\"_blank\" rel=\"noopener noreferrer\">\u00e9tag\u00e8re suspendue au plafond<\/a> est un<strong> \u00e9l\u00e9ment \u00e0 la fois pratique et d\u00e9coratif <\/strong>qu\u2019il n\u2019est pas toujours \u00e9vident de trouver, surtout si vous recherchez des mat\u00e9riaux de qualit\u00e9, loin des grandes enseignes actuelles !<\/p>\n<p>C\u2019est pourquoi, chez <a href=\"https:\/\/indus1978.com\/de\/\" target=\"_blank\" rel=\"noopener noreferrer\">Indus 1978<\/a>, nous avons d\u00e9cid\u00e9 de vous en concevoir une<strong> \u00e0 partir de planches soigneusement ponc\u00e9es puis cir\u00e9es avec un produit \u00e9cologique<\/strong>. Le choix du bois qui a \u00e9t\u00e9 fait est d\u00fb aux traces d\u2019usage de sa vie ant\u00e9rieure ; ce qui lui apporte <strong>un effet esth\u00e9tique particuli\u00e8rement appr\u00e9ciable.<\/strong><\/p>\n<p>Patin\u00e9 par le temps, les marques qui lui ont \u00e9t\u00e9 inflig\u00e9es lui permettent de continuer de raconter son histoire au sein de toutes les habitations qui l\u2019abrite.<\/p>\n<p>De plus, la cr\u00e9ation de cette \u00e9tag\u00e8re suspendue au plafond a permis l\u2019utilisation <strong>d\u2019une corde en jute fabriqu\u00e9e avec des fibres naturelles aux qualit\u00e9s non seulement esth\u00e9tiques mais aussi biod\u00e9gradables. <\/strong>Les petits crochets noirs qui l&#8217;accompagnent sont parfaits pour une fixation s\u00e9curis\u00e9e, en hauteur.<\/p>\n<p>Les composants naturels qui ont permis sa conception assurent un rendu design et \u00e9cologique pour les ann\u00e9es \u00e0 venir !<\/p>\n<h2><strong>O\u00f9 installer une \u00e9tag\u00e8re suspendue au plafond ?<\/strong><\/h2>\n<p>Pour l\u2019installation de votre \u00e9tag\u00e8re suspendue au plafond, plusieurs possibilit\u00e9s existent, mais<strong> tout d\u00e9pend de vos besoins et de vos pr\u00e9f\u00e9rences.<\/strong><\/p>\n<p>&nbsp;<\/p>\n<p>De plus,<strong> nous vous conseillons de v\u00e9rifier que sa fixation ne g\u00eane aucunement vos d\u00e9placements ou l\u2019usage de certains meubles. <\/strong>Sinon, il va \u00eatre oblig\u00e9 de la d\u00e9crocher et de lui trouver un nouvel espace de vie\u2026<\/p>\n<p>Alors, pour \u00e9viter ces d\u00e9sagr\u00e9ments, mieux vaut pr\u00e9voir le coup et <strong>s\u2019assurer que la zone dans laquelle vous souhaitez installer votre \u00e9tag\u00e8re suspendue au plafond puisse la recevoir !<\/strong><\/p>\n<p>Si vous avez choisi pour votre int\u00e9rieur un esprit industriel, l\u2019\u00e9tag\u00e8re de notre boutique est faite pour vous : son bois cercl\u00e9 avec des extr\u00e9mit\u00e9s en acier lui conf\u00e8re en effet une note de ce type,<strong> lui permettant alors de s\u2019accorder \u00e0 merveille avec votre d\u00e9coration industrielle mais aussi avec bien d\u2019autres styles. Elle est passe-partout\u2026 <\/strong>C\u2019est en effet l\u2019un de ses plus grands atouts !<\/p>\n<p>Dans une chambre, dans un salon, dans une salle de bains, dans une cuisine ou dans une entr\u00e9e, notre \u00e9tag\u00e8re suspendue au plafond peut ajouter une note particuli\u00e8rement d\u00e9corative \u00e0 votre logement.<\/p>\n<p>Pour y poser diff\u00e9rents \u00e9l\u00e9ments, les \u00e9tag\u00e8res sont propos\u00e9es dans <strong>diff\u00e9rentes dimensions allant de 60 cm \u00e0 140 cm de longueur.<\/strong><\/p>\n<h2><strong>Comment fixer une \u00e9tag\u00e8re suspendue au plafond ?<\/strong><\/h2>\n<p>Pour fixer votre \u00e9tag\u00e8re suspendue au plafond, nous avons choisi les crochets noirs. Pourquoi ? Parce que<strong> ces petits \u00e9l\u00e9ments ajoutent une touche discr\u00e8te de d\u00e9coration industrielle <\/strong>de fa\u00e7on \u00e0 accompagner \u00e0 merveille l\u2019ensemble.<\/p>\n<p>Entre ces crochets et les extr\u00e9mit\u00e9s en acier, vous pouvez \u00eatre s\u00fbr d\u2019avoir chez vous un mobilier en hauteur de qualit\u00e9 et particuli\u00e8rement esth\u00e9tique !<\/p>\n<p><strong>Pour la fixer, il faut d\u2019abord installer les deux crochets, \u00e0 l\u2019aide d\u2019une perceuse et de vis<\/strong>. Vous pourrez ensuite placer chacune des cordes sur leur crochet respectif et le tour est jou\u00e9.<\/p>\n<p>Quel que soit le mat\u00e9riau sur lequel vous allez fixer l\u2019\u00e9tag\u00e8re suspendue au plafond, <strong>pensez \u00e0 v\u00e9rifier que vous avez choisi les outils adapt\u00e9s.<\/strong> Ils peuvent diff\u00e9rer en fonction de si vous \u00eates face \u00e0 du placo, du bois, de la brique, du lambri, etc.<\/p>\n<p>Ce que nous aimons le plus chez Indus 1978, c\u2019est que <strong>notre \u00e9tag\u00e8re suspendue au plafond peut avoir une seconde vie dans une multitude de logements<\/strong>. Si nous la destinons aux particuliers, <strong>elle peut tout \u00e0 fait aussi trouver sa place dans les int\u00e9rieurs de professionnels <\/strong>: bien-\u00eatre, restauration, h\u00f4tellerie, communication, etc.<\/p>","protected":false},"excerpt":{"rendered":"<p>Chez Indus 1978, nous vous proposons diff\u00e9rents types de mobilier pour apporter \u00e0 votre int\u00e9rieur une touche chaleureuse et moderne. Toutes les cr\u00e9ations sont authentiques, faites \u00e0 la main, pour un rendu de qualit\u00e9 non n\u00e9gligeable. Tous les foyers \u00e0 la recherche d\u2019une \u00e9tag\u00e8re suspendue au plafond peuvent trouver leur bonheur sur notre boutique en [&hellip;]<\/p>\n","protected":false},"author":3,"featured_media":0,"comment_status":"open","ping_status":"closed","sticky":false,"template":"","format":"standard","meta":{"_acf_changed":false,"footnotes":""},"categories":[826],"tags":[],"class_list":["post-11163","post","type-post","status-publish","format-standard","hentry","category-decoration-interieure"],"acf":[],"_links":{"self":[{"href":"https:\/\/indus1978.com\/de\/wp-json\/wp\/v2\/posts\/11163","targetHints":{"allow":["GET"]}}],"collection":[{"href":"https:\/\/indus1978.com\/de\/wp-json\/wp\/v2\/posts"}],"about":[{"href":"https:\/\/indus1978.com\/de\/wp-json\/wp\/v2\/types\/post"}],"author":[{"embeddable":true,"href":"https:\/\/indus1978.com\/de\/wp-json\/wp\/v2\/users\/3"}],"replies":[{"embeddable":true,"href":"https:\/\/indus1978.com\/de\/wp-json\/wp\/v2\/comments?post=11163"}],"version-history":[{"count":2,"href":"https:\/\/indus1978.com\/de\/wp-json\/wp\/v2\/posts\/11163\/revisions"}],"predecessor-version":[{"id":11165,"href":"https:\/\/indus1978.com\/de\/wp-json\/wp\/v2\/posts\/11163\/revisions\/11165"}],"wp:attachment":[{"href":"https:\/\/indus1978.com\/de\/wp-json\/wp\/v2\/media?parent=11163"}],"wp:term":[{"taxonomy":"category","embeddable":true,"href":"https:\/\/indus1978.com\/de\/wp-json\/wp\/v2\/categories?post=11163"},{"taxonomy":"post_tag","embeddable":true,"href":"https:\/\/indus1978.com\/de\/wp-json\/wp\/v2\/tags?post=11163"}],"curies":[{"name":"wp","href":"https:\/\/api.w.org\/{rel}","templated":true}]}}